{"id":195,"date":"2018-12-13T10:48:53","date_gmt":"2018-12-13T15:48:53","guid":{"rendered":"http:\/\/electrikamtl.wpengine.com\/0-commentaires-la-necessite-davoir-une-protection-contre-les-surtensions\/"},"modified":"2019-04-17T11:50:02","modified_gmt":"2019-04-17T15:50:02","slug":"0-commentaires-la-necessite-davoir-une-protection-contre-les-surtensions","status":"publish","type":"post","link":"https:\/\/electrika.ca\/fr\/0-commentaires-la-necessite-davoir-une-protection-contre-les-surtensions\/","title":{"rendered":"LA N\u00c9CESSIT\u00c9 D&rsquo;AVOIR UNE PROTECTION CONTRE LES SURTENSIONS"},"content":{"rendered":"<p>[et_pb_section fb_built=\u00a0\u00bb1&Prime; fullwidth=\u00a0\u00bbon\u00a0\u00bb next_background_color=\u00a0\u00bb#ffffff\u00a0\u00bb _builder_version=\u00a0\u00bb3.19.18&Prime; background_image=\u00a0\u00bbhttps:\/\/electrika.ca\/wp-content\/uploads\/2018\/07\/Electrika-Montreal-Electricien-247.jpg\u00a0\u00bb custom_padding=\u00a0\u00bb100px||100px|\u00a0\u00bb][et_pb_fullwidth_header text_orientation=\u00a0\u00bbcenter\u00a0\u00bb _builder_version=\u00a0\u00bb3.16&Prime; background_color=\u00a0\u00bbrgba(255, 255, 255, 0)\u00a0\u00bb button_one_text_size__hover_enabled=\u00a0\u00bboff\u00a0\u00bb button_two_text_size__hover_enabled=\u00a0\u00bboff\u00a0\u00bb button_one_text_color__hover_enabled=\u00a0\u00bboff\u00a0\u00bb button_two_text_color__hover_enabled=\u00a0\u00bboff\u00a0\u00bb button_one_border_width__hover_enabled=\u00a0\u00bboff\u00a0\u00bb button_two_border_width__hover_enabled=\u00a0\u00bboff\u00a0\u00bb button_one_border_color__hover_enabled=\u00a0\u00bboff\u00a0\u00bb button_two_border_color__hover_enabled=\u00a0\u00bboff\u00a0\u00bb button_one_border_radius__hover_enabled=\u00a0\u00bboff\u00a0\u00bb button_two_border_radius__hover_enabled=\u00a0\u00bboff\u00a0\u00bb button_one_letter_spacing__hover_enabled=\u00a0\u00bboff\u00a0\u00bb button_two_letter_spacing__hover_enabled=\u00a0\u00bboff\u00a0\u00bb button_one_bg_color__hover_enabled=\u00a0\u00bboff\u00a0\u00bb button_two_bg_color__hover_enabled=\u00a0\u00bboff\u00a0\u00bb][\/et_pb_fullwidth_header][\/et_pb_section][et_pb_section fb_built=\u00a0\u00bb1&Prime; prev_background_color=\u00a0\u00bb#000000&Prime; next_background_color=\u00a0\u00bbrgba(41,41,41,0.95)\u00a0\u00bb _builder_version=\u00a0\u00bb3.0.47&Prime;][et_pb_row _builder_version=\u00a0\u00bb3.0.48&Prime; background_size=\u00a0\u00bbinitial\u00a0\u00bb background_position=\u00a0\u00bbtop_left\u00a0\u00bb background_repeat=\u00a0\u00bbrepeat\u00a0\u00bb][et_pb_column type=\u00a0\u00bb4_4&Prime; _builder_version=\u00a0\u00bb3.0.47&Prime;][et_pb_text _builder_version=\u00a0\u00bb3.0.106&Prime;]<\/p>\n<h1 class=\"headline title\">LA N\u00c9CESSIT\u00c9 D&rsquo;AVOIR UNE PROTECTION CONTRE LES SURTENSIONS<\/h1>\n<div class=\"bodytext contentText\">\n<p>Si vous avez r\u00e9cemment eu une panne de courant dans votre r\u00e9gion et que vous avez t\u00e9l\u00e9phon\u00e9 \u00e0 Hydro-Qu\u00e9bec, vous devez avoir remarqu\u00e9 qu&rsquo;ils vous ont donn\u00e9 des conseils pour prot\u00e9ger vos appareils \u00e9lectroniques contre la surtension (s&rsquo;il n&rsquo;y a pas chez vous de protection contre les surtensions).<\/p>\n<\/div>\n<div class=\"bodytext contentText\">\n<p>Le site Web d&rsquo;Hydro-Qu\u00e9bec vous conseille de prot\u00e9ger vos appareils \u00e9lectroniques des probl\u00e8mes de tension et de surcharge de tension en faisant ceci :<\/p>\n<p>Lorsqu&rsquo;une temp\u00eate approche, qu&rsquo;une coupure d&rsquo;alimentation se produit ou que vous pr\u00e9voyez quitter votre r\u00e9sidence pour une longue p\u00e9riode de temps, d\u00e9branchez tous vos appareils \u00e9lectroniques et\/ou fermez votre bloc d&rsquo;alimentation \u00e0 prises multiprises.<br \/>\nVos appareils \u00e9lectroniques devraient \u00eatre branch\u00e9s sur un bloc d&rsquo;alimentation \u00e0 prises multiprises conforme \u00e0 l&rsquo;Association canadienne de normalisation (CSA) ou aux laboratoires des assureurs du canada (ulc) qui est muni d&rsquo;une protection de surtension (ce ne sont pas tous les blocs d&rsquo;alimentation multiprises qui sont munis d&rsquo;une protection de surtension).<br \/>\n\u00c9vitez de brancher tous vos appareils sur le m\u00eame circuit qu&rsquo;un appareil \u00e0 moteur, tels un lave-vaisselle ou un r\u00e9frig\u00e9rateur.<\/p>\n<p>La surtension peut aussi se produire a\u0300 partir de l&rsquo;int\u00e9rieur de la maison lorsque les appareils m\u00e9nagers comme le r\u00e9frig\u00e9rateur, la fournaise ou l&rsquo;air conditionne\u0301 passent de la marche \u00e0 l&rsquo;arr\u00eat, ou lorsque le compresseur du r\u00e9frig\u00e9rateur d\u00e9marre. Il est possible de ne pas se rendre compte d&rsquo;une surtension, mais elle peut causer des dommages imm\u00e9diats \u00e0 vos appareils \u00e9lectroniques et \u00e0 vos \u00e9lectrom\u00e9nagers. Les dommages peuvent aussi survenir plus tard, graduellement.<\/p>\n<p>NOUS PROT\u00c9GEONS VOTRE DOMICILE DES SURTENSIONS<\/p>\n<p>Avant d&rsquo;installer un limiteur de surtension, il est primordial de v\u00e9rifier la mise a\u0300 la terre de votre demeure. Si la mise a\u0300 la terre de votre demeure n&rsquo;est pas ad\u00e9quate, tous vos efforts de protection seront inefficaces.<\/p>\n<p>Chez Electrika, nous utilisons une approche en 3 temps pour prot\u00e9ger votre maison contre les surtensions. Voici l&rsquo;approche :<\/p>\n<p>L&rsquo;installation d&rsquo;une protection principale dans le panneau \u00e9lectrique principal. Ce limiteur de surtension prot\u00e8ge contre les surtensions externes qui passent par les lignes \u00e9lectriques principales.<br \/>\nL&rsquo;installation d&rsquo;une protection secondaire a\u0300 l&rsquo;entr\u00e9e du t\u00e9l\u00e9phone ou du c\u00e2ble. Ceci prot\u00e8ge contre les surtensions externes qui passent par les lignes du t\u00e9l\u00e9phone ou du c\u00e2ble et qui pourraient endommager les appareils \u00e9lectroniques branch\u00e9s.<br \/>\nL&rsquo;installation d&rsquo;une protection secondaire aux divers points d&rsquo;utilisation.<\/p>\n<p>Les barres d&rsquo;alimentation ou les barres multiprises prot\u00e8gent contre la surtension a\u0300 chaque point d&rsquo;utilisation d&rsquo;un appareil \u00e9lectronique. Toutefois, n&rsquo;oubliez pas que ce ne sont pas toutes les barres d&rsquo;alimentation qui sont munies d&rsquo;une protection de surtension, donc v\u00e9rifiez l&rsquo;\u00e9tiquette avant de l&rsquo;acheter!<\/p>\n<p>Si vous souhaitez avoir une d\u00e9monstration de cette proc\u00e9dure, n&rsquo;h\u00e9sitez pas a\u0300 nous le demander lors de notre prochaine visite.<\/p>\n<\/div>\n<p>[\/et_pb_text][et_pb_button button_url=\u00a0\u00bbhttps:\/\/electrika.ca\/fr\/contactez-nous\/\u00a0\u00bb button_text=\u00a0\u00bbCONTACTEZ-NOUS\u00a0\u00bb _builder_version=\u00a0\u00bb3.16&Prime; background_layout=\u00a0\u00bbdark\u00a0\u00bb button_text_size__hover_enabled=\u00a0\u00bboff\u00a0\u00bb button_one_text_size__hover_enabled=\u00a0\u00bboff\u00a0\u00bb button_two_text_size__hover_enabled=\u00a0\u00bboff\u00a0\u00bb button_text_color__hover_enabled=\u00a0\u00bboff\u00a0\u00bb button_one_text_color__hover_enabled=\u00a0\u00bboff\u00a0\u00bb button_two_text_color__hover_enabled=\u00a0\u00bboff\u00a0\u00bb button_border_width__hover_enabled=\u00a0\u00bboff\u00a0\u00bb button_one_border_width__hover_enabled=\u00a0\u00bboff\u00a0\u00bb button_two_border_width__hover_enabled=\u00a0\u00bboff\u00a0\u00bb button_border_color__hover_enabled=\u00a0\u00bboff\u00a0\u00bb button_one_border_color__hover_enabled=\u00a0\u00bboff\u00a0\u00bb button_two_border_color__hover_enabled=\u00a0\u00bboff\u00a0\u00bb button_border_radius__hover_enabled=\u00a0\u00bboff\u00a0\u00bb button_one_border_radius__hover_enabled=\u00a0\u00bboff\u00a0\u00bb button_two_border_radius__hover_enabled=\u00a0\u00bboff\u00a0\u00bb button_letter_spacing__hover_enabled=\u00a0\u00bboff\u00a0\u00bb button_one_letter_spacing__hover_enabled=\u00a0\u00bboff\u00a0\u00bb button_two_letter_spacing__hover_enabled=\u00a0\u00bboff\u00a0\u00bb button_bg_color__hover_enabled=\u00a0\u00bboff\u00a0\u00bb button_one_bg_color__hover_enabled=\u00a0\u00bboff\u00a0\u00bb button_two_bg_color__hover_enabled=\u00a0\u00bboff\u00a0\u00bb][\/et_pb_button][\/et_pb_column][\/et_pb_row][\/et_pb_section][et_pb_section fb_built=\u00a0\u00bb1&Prime; prev_background_color=\u00a0\u00bb#ffffff\u00a0\u00bb next_background_color=\u00a0\u00bb#292929&Prime; _builder_version=\u00a0\u00bb3.0.106&Prime; background_color=\u00a0\u00bbrgba(41,41,41,0.95)\u00a0\u00bb custom_padding=\u00a0\u00bb0px||0px|\u00a0\u00bb][et_pb_row custom_padding=\u00a0\u00bb10px||10px|\u00a0\u00bb _builder_version=\u00a0\u00bb3.0.106&Prime;][et_pb_column type=\u00a0\u00bb4_4&Prime; _builder_version=\u00a0\u00bb3.0.47&Prime;][et_pb_text _builder_version=\u00a0\u00bb3.2.2&Prime; text_font=\u00a0\u00bb|700|||||||\u00a0\u00bb text_font_size=\u00a0\u00bb14px\u00a0\u00bb text_orientation=\u00a0\u00bbcenter\u00a0\u00bb max_width=\u00a0\u00bb50%\u00a0\u00bb module_alignment=\u00a0\u00bbcenter\u00a0\u00bb]ACCUEIL | SERVICES | \u00c0 PROPOS | CONTACTEZ-NOUS<br \/>\n[\/et_pb_text][\/et_pb_column][\/et_pb_row][\/et_pb_section][et_pb_section fb_built=\u00a0\u00bb1&Prime; prev_background_color=\u00a0\u00bbrgba(41,41,41,0.95)\u00a0\u00bb next_background_color=\u00a0\u00bbrgba(41,41,41,0.95)\u00a0\u00bb _builder_version=\u00a0\u00bb3.0.106&Prime; background_color=\u00a0\u00bb#292929&Prime;][et_pb_row _builder_version=\u00a0\u00bb3.0.47&Prime; background_size=\u00a0\u00bbinitial\u00a0\u00bb background_position=\u00a0\u00bbtop_left\u00a0\u00bb background_repeat=\u00a0\u00bbrepeat\u00a0\u00bb][et_pb_column type=\u00a0\u00bb1_3&Prime; _builder_version=\u00a0\u00bb3.0.47&Prime;][et_pb_text _builder_version=\u00a0\u00bb3.2.2&Prime; text_font=\u00a0\u00bb|700|||||||\u00a0\u00bb text_font_size=\u00a0\u00bb14px\u00a0\u00bb header_4_font=\u00a0\u00bb|700|||||||\u00a0\u00bb header_4_font_size=\u00a0\u00bb16px\u00a0\u00bb background_layout=\u00a0\u00bbdark\u00a0\u00bb]<\/p>\n<div id=\"m2465\" class=\"module text\">\n<h4 class=\"smallsubtitle\">ADRESSE<\/h4>\n<\/div>\n<div id=\"m2903\" class=\"module text\">\n<p class=\"footertext\">\nADRESSE \u2013 365, AVENUE GEORGE V, LACHINE QUEBEC H8S 4L3<br \/>\nNUM\u00c9RO DE T\u00c9L\u00c9PHONE \u2013 514-768-7778<\/p>\n<\/div>\n<p>[\/et_pb_text][et_pb_button button_url=\u00a0\u00bbhttps:\/\/electrika.ca\/fr\/contactez-nous\/\u00a0\u00bb button_text=\u00a0\u00bbRENDEZ-VOUS\u00a0\u00bb _builder_version=\u00a0\u00bb3.16&Prime; custom_button=\u00a0\u00bbon\u00a0\u00bb button_text_color=\u00a0\u00bb#ffffff\u00a0\u00bb button_bg_color=\u00a0\u00bbrgba(255,255,255,0)\u00a0\u00bb button_border_width=\u00a0\u00bb2&Prime; button_border_color=\u00a0\u00bb#f4da24&Prime; button_use_icon=\u00a0\u00bboff\u00a0\u00bb button_text_color_hover=\u00a0\u00bb#ffffff\u00a0\u00bb button_border_color_hover=\u00a0\u00bb#f4da24&Prime; button_bg_color_hover=\u00a0\u00bb#1c1c1c\u00a0\u00bb button_text_size__hover_enabled=\u00a0\u00bboff\u00a0\u00bb button_one_text_size__hover_enabled=\u00a0\u00bboff\u00a0\u00bb button_two_text_size__hover_enabled=\u00a0\u00bboff\u00a0\u00bb button_text_color__hover_enabled=\u00a0\u00bbon\u00a0\u00bb button_text_color__hover=\u00a0\u00bb#ffffff\u00a0\u00bb button_one_text_color__hover_enabled=\u00a0\u00bboff\u00a0\u00bb button_two_text_color__hover_enabled=\u00a0\u00bboff\u00a0\u00bb button_border_width__hover_enabled=\u00a0\u00bboff\u00a0\u00bb button_one_border_width__hover_enabled=\u00a0\u00bboff\u00a0\u00bb button_two_border_width__hover_enabled=\u00a0\u00bboff\u00a0\u00bb button_border_color__hover_enabled=\u00a0\u00bbon\u00a0\u00bb button_border_color__hover=\u00a0\u00bb#f4da24&Prime; button_one_border_color__hover_enabled=\u00a0\u00bboff\u00a0\u00bb button_two_border_color__hover_enabled=\u00a0\u00bboff\u00a0\u00bb button_border_radius__hover_enabled=\u00a0\u00bboff\u00a0\u00bb button_one_border_radius__hover_enabled=\u00a0\u00bboff\u00a0\u00bb button_two_border_radius__hover_enabled=\u00a0\u00bboff\u00a0\u00bb button_letter_spacing__hover_enabled=\u00a0\u00bboff\u00a0\u00bb button_one_letter_spacing__hover_enabled=\u00a0\u00bboff\u00a0\u00bb button_two_letter_spacing__hover_enabled=\u00a0\u00bboff\u00a0\u00bb button_bg_color__hover_enabled=\u00a0\u00bbon\u00a0\u00bb button_bg_color__hover=\u00a0\u00bb#1c1c1c\u00a0\u00bb button_one_bg_color__hover_enabled=\u00a0\u00bboff\u00a0\u00bb button_two_bg_color__hover_enabled=\u00a0\u00bboff\u00a0\u00bb][\/et_pb_button][\/et_pb_column][et_pb_column type=\u00a0\u00bb1_3&Prime; _builder_version=\u00a0\u00bb3.0.47&Prime;][et_pb_text _builder_version=\u00a0\u00bb3.2.2&Prime; text_font=\u00a0\u00bb|700|||||||\u00a0\u00bb text_font_size=\u00a0\u00bb14px\u00a0\u00bb header_4_font=\u00a0\u00bb|700|||||||\u00a0\u00bb header_4_font_size=\u00a0\u00bb16px\u00a0\u00bb background_layout=\u00a0\u00bbdark\u00a0\u00bb]<\/p>\n<h4>HEURES<\/h4>\n<p>DIMANCHE<br \/>\nFerm\u00e9<br \/>\nLUNDI &#8211; VENDREDI<br \/>\n07:00 &#8211; 18:00<br \/>\nSAMEDI<br \/>\nFerm\u00e9<br \/>\nSERVICE D\u2019URGENCE 24\/7 \u2013 JOURS F\u00c9RI\u00c9S INCLUS<br \/>\nZONE DE SERVICE<\/p>\n<p>GRAND MONTR\u00c9AL<br \/>\nMONTR\u00c9AL (CENTRE-VILLE ET L&rsquo;OUEST-DE-L&rsquo;\u00ceLE)<br \/>\nLAVAL<br \/>\nRIVE-SUD<br \/>\n[\/et_pb_text][\/et_pb_column][et_pb_column type=\u00a0\u00bb1_3&Prime; _builder_version=\u00a0\u00bb3.0.47&Prime;][et_pb_text _builder_version=\u00a0\u00bb3.0.106&Prime; text_font=\u00a0\u00bb|700|||||||\u00a0\u00bb text_font_size=\u00a0\u00bb14px\u00a0\u00bb header_4_font=\u00a0\u00bb|700|||||||\u00a0\u00bb header_4_font_size=\u00a0\u00bb16px\u00a0\u00bb background_layout=\u00a0\u00bbdark\u00a0\u00bb]<\/p>\n<div id=\"m2839\" class=\"module text\">\n<h4 class=\"smallsubtitle\">RENDEZ-VOUS<\/h4>\n<\/div>\n<p>[\/et_pb_text][et_pb_social_media_follow _builder_version=\u00a0\u00bb3.0.106&Prime; text_orientation=\u00a0\u00bbleft\u00a0\u00bb][et_pb_social_media_follow_network social_network=\u00a0\u00bbfacebook\u00a0\u00bb url=\u00a0\u00bbhttps:\/\/www.facebook.com\/Electrika.YourHomeElectrician\u00a0\u00bb _builder_version=\u00a0\u00bb3.0.106&Prime; background_color=\u00a0\u00bb#f4da24&Prime; follow_button=\u00a0\u00bboff\u00a0\u00bb url_new_window=\u00a0\u00bbon\u00a0\u00bb] Facebook [\/et_pb_social_media_follow_network][et_pb_social_media_follow_network social_network=\u00a0\u00bbyoutube\u00a0\u00bb url=\u00a0\u00bbhttps:\/\/www.youtube.com\/channel\/UCQssXvAQxaE6VVzCbdGdEOQ\u00a0\u00bb _builder_version=\u00a0\u00bb3.0.106&Prime; background_color=\u00a0\u00bb#f4da24&Prime; follow_button=\u00a0\u00bboff\u00a0\u00bb url_new_window=\u00a0\u00bbon\u00a0\u00bb] Youtube [\/et_pb_social_media_follow_network][et_pb_social_media_follow_network social_network=\u00a0\u00bblinkedin\u00a0\u00bb url=\u00a0\u00bbhttps:\/\/www.linkedin.com\/company\/electrika-inc-\/?trk=prof-0-ovw-curr_pos\u00a0\u00bb _builder_version=\u00a0\u00bb3.0.106&Prime; background_color=\u00a0\u00bb#f4da24&Prime; follow_button=\u00a0\u00bboff\u00a0\u00bb url_new_window=\u00a0\u00bbon\u00a0\u00bb] LinkedIn [\/et_pb_social_media_follow_network][\/et_pb_social_media_follow][\/et_pb_column][\/et_pb_row][\/et_pb_section][et_pb_section fb_built=\u00a0\u00bb1&Prime; prev_background_color=\u00a0\u00bb#292929&Prime; _builder_version=\u00a0\u00bb3.0.106&Prime; background_color=\u00a0\u00bbrgba(41,41,41,0.95)\u00a0\u00bb custom_margin=\u00a0\u00bb||-200px|\u00a0\u00bb custom_padding=\u00a0\u00bb0px||0px|\u00a0\u00bb][et_pb_row custom_padding=\u00a0\u00bb10px||10px|\u00a0\u00bb _builder_version=\u00a0\u00bb3.0.106&Prime;][et_pb_column type=\u00a0\u00bb1_2&Prime; _builder_version=\u00a0\u00bb3.0.47&Prime;][et_pb_text _builder_version=\u00a0\u00bb3.2.2&Prime; text_font_size=\u00a0\u00bb12px\u00a0\u00bb background_layout=\u00a0\u00bbdark\u00a0\u00bb module_alignment=\u00a0\u00bbcenter\u00a0\u00bb]Tous droits r\u00e9serv\u00e9s Electrika Inc 2018 &#8211; <a href=\"https:\/\/electrika.ca\/#\" data-req=\"monooverlay\" data-overlay-trigger=\"click\" data-overlay-open=\"legaloverlay\" data-track-event=\"click\" data-track-action=\"internal_link_clicked\">Mention l\u00e9gale<\/a><br \/>\n[\/et_pb_text][\/et_pb_column][et_pb_column type=\u00a0\u00bb1_2&Prime; _builder_version=\u00a0\u00bb3.0.47&Prime;][et_pb_text disabled_on=\u00a0\u00bbon|on|on\u00a0\u00bb _builder_version=\u00a0\u00bb3.2.2&Prime; text_font_size=\u00a0\u00bb12px\u00a0\u00bb text_orientation=\u00a0\u00bbright\u00a0\u00bb background_layout=\u00a0\u00bbdark\u00a0\u00bb module_alignment=\u00a0\u00bbcenter\u00a0\u00bb disabled=\u00a0\u00bbon\u00a0\u00bb]I<br \/>\n[\/et_pb_text][\/et_pb_column][\/et_pb_row][\/et_pb_section]<\/p>\n","protected":false},"excerpt":{"rendered":"<p>LA N\u00c9CESSIT\u00c9 D&rsquo;AVOIR UNE PROTECTION CONTRE LES SURTENSIONS Si vous avez r\u00e9cemment eu une panne de courant dans votre r\u00e9gion et que vous avez t\u00e9l\u00e9phon\u00e9 \u00e0 Hydro-Qu\u00e9bec, vous devez avoir remarqu\u00e9 qu&rsquo;ils vous ont donn\u00e9 des conseils pour prot\u00e9ger vos appareils \u00e9lectroniques contre la surtension (s&rsquo;il n&rsquo;y a pas chez vous de protection contre les [&hellip;]<\/p>\n","protected":false},"author":2,"featured_media":0,"comment_status":"open","ping_status":"open","sticky":false,"template":"","format":"standard","meta":{"_et_pb_use_builder":"on","_et_pb_old_content":"<p>Welcome to WordPress. This is your first post. Edit or delete it, then start writing!<\/p>","_et_gb_content_width":"","footnotes":""},"categories":[9],"tags":[],"class_list":["post-195","post","type-post","status-publish","format-standard","hentry","category-non-classifiee"],"yoast_head":"<!-- This site is optimized with the Yoast SEO plugin v27.5 - https:\/\/yoast.com\/product\/yoast-seo-wordpress\/ -->\n<title>LA N\u00c9CESSIT\u00c9 D&#039;AVOIR UNE PROTECTION CONTRE LES SURTENSIONS - Electrika<\/title>\n<meta name=\"robots\" content=\"index, follow, max-snippet:-1, max-image-preview:large, max-video-preview:-1\" \/>\n<link rel=\"canonical\" href=\"https:\/\/electrika.ca\/fr\/0-commentaires-la-necessite-davoir-une-protection-contre-les-surtensions\/\" \/>\n<meta property=\"og:locale\" content=\"fr_FR\" \/>\n<meta property=\"og:type\" content=\"article\" \/>\n<meta property=\"og:title\" content=\"LA N\u00c9CESSIT\u00c9 D&#039;AVOIR UNE PROTECTION CONTRE LES SURTENSIONS - Electrika\" \/>\n<meta property=\"og:description\" content=\"LA N\u00c9CESSIT\u00c9 D&#039;AVOIR UNE PROTECTION CONTRE LES SURTENSIONS Si vous avez r\u00e9cemment eu une panne de courant dans votre r\u00e9gion et que vous avez t\u00e9l\u00e9phon\u00e9 \u00e0 Hydro-Qu\u00e9bec, vous devez avoir remarqu\u00e9 qu&#039;ils vous ont donn\u00e9 des conseils pour prot\u00e9ger vos appareils \u00e9lectroniques contre la surtension (s&#039;il n&#039;y a pas chez vous de protection contre les [&hellip;]\" \/>\n<meta property=\"og:url\" content=\"https:\/\/electrika.ca\/fr\/0-commentaires-la-necessite-davoir-une-protection-contre-les-surtensions\/\" \/>\n<meta property=\"og:site_name\" content=\"Electrika\" \/>\n<meta property=\"article:publisher\" content=\"https:\/\/www.facebook.com\/Electrika.YourHomeElectrician\" \/>\n<meta property=\"article:published_time\" content=\"2018-12-13T15:48:53+00:00\" \/>\n<meta property=\"article:modified_time\" content=\"2019-04-17T15:50:02+00:00\" \/>\n<meta property=\"og:image\" content=\"https:\/\/electrika.ca\/wp-content\/uploads\/2018\/04\/cropped-Electrika-Favicon.png\" \/>\n\t<meta property=\"og:image:width\" content=\"512\" \/>\n\t<meta property=\"og:image:height\" content=\"512\" \/>\n\t<meta property=\"og:image:type\" content=\"image\/png\" \/>\n<meta name=\"author\" content=\"Ryan Hayes\" \/>\n<meta name=\"twitter:card\" content=\"summary_large_image\" \/>\n<meta name=\"twitter:label1\" content=\"\u00c9crit par\" \/>\n\t<meta name=\"twitter:data1\" content=\"Ryan Hayes\" \/>\n\t<meta name=\"twitter:label2\" content=\"Dur\u00e9e de lecture estim\u00e9e\" \/>\n\t<meta name=\"twitter:data2\" content=\"8 minutes\" \/>\n<script type=\"application\/ld+json\" class=\"yoast-schema-graph\">{\"@context\":\"https:\\\/\\\/schema.org\",\"@graph\":[{\"@type\":\"Article\",\"@id\":\"https:\\\/\\\/electrika.ca\\\/fr\\\/0-commentaires-la-necessite-davoir-une-protection-contre-les-surtensions\\\/#article\",\"isPartOf\":{\"@id\":\"https:\\\/\\\/electrika.ca\\\/fr\\\/0-commentaires-la-necessite-davoir-une-protection-contre-les-surtensions\\\/\"},\"author\":{\"name\":\"Ryan Hayes\",\"@id\":\"https:\\\/\\\/electrika.ca\\\/fr\\\/#\\\/schema\\\/person\\\/c15c43b6e9a13f56f7be04b0b4a4671b\"},\"headline\":\"LA N\u00c9CESSIT\u00c9 D&rsquo;AVOIR UNE PROTECTION CONTRE LES SURTENSIONS\",\"datePublished\":\"2018-12-13T15:48:53+00:00\",\"dateModified\":\"2019-04-17T15:50:02+00:00\",\"mainEntityOfPage\":{\"@id\":\"https:\\\/\\\/electrika.ca\\\/fr\\\/0-commentaires-la-necessite-davoir-une-protection-contre-les-surtensions\\\/\"},\"wordCount\":1607,\"commentCount\":0,\"publisher\":{\"@id\":\"https:\\\/\\\/electrika.ca\\\/fr\\\/#organization\"},\"articleSection\":[\"Non classifi\u00e9(e)\"],\"inLanguage\":\"fr-FR\",\"potentialAction\":[{\"@type\":\"CommentAction\",\"name\":\"Comment\",\"target\":[\"https:\\\/\\\/electrika.ca\\\/fr\\\/0-commentaires-la-necessite-davoir-une-protection-contre-les-surtensions\\\/#respond\"]}]},{\"@type\":\"WebPage\",\"@id\":\"https:\\\/\\\/electrika.ca\\\/fr\\\/0-commentaires-la-necessite-davoir-une-protection-contre-les-surtensions\\\/\",\"url\":\"https:\\\/\\\/electrika.ca\\\/fr\\\/0-commentaires-la-necessite-davoir-une-protection-contre-les-surtensions\\\/\",\"name\":\"LA N\u00c9CESSIT\u00c9 D'AVOIR UNE PROTECTION CONTRE LES SURTENSIONS - Electrika\",\"isPartOf\":{\"@id\":\"https:\\\/\\\/electrika.ca\\\/fr\\\/#website\"},\"datePublished\":\"2018-12-13T15:48:53+00:00\",\"dateModified\":\"2019-04-17T15:50:02+00:00\",\"breadcrumb\":{\"@id\":\"https:\\\/\\\/electrika.ca\\\/fr\\\/0-commentaires-la-necessite-davoir-une-protection-contre-les-surtensions\\\/#breadcrumb\"},\"inLanguage\":\"fr-FR\",\"potentialAction\":[{\"@type\":\"ReadAction\",\"target\":[\"https:\\\/\\\/electrika.ca\\\/fr\\\/0-commentaires-la-necessite-davoir-une-protection-contre-les-surtensions\\\/\"]}]},{\"@type\":\"BreadcrumbList\",\"@id\":\"https:\\\/\\\/electrika.ca\\\/fr\\\/0-commentaires-la-necessite-davoir-une-protection-contre-les-surtensions\\\/#breadcrumb\",\"itemListElement\":[{\"@type\":\"ListItem\",\"position\":1,\"name\":\"Home\",\"item\":\"https:\\\/\\\/electrika.ca\\\/fr\\\/\"},{\"@type\":\"ListItem\",\"position\":2,\"name\":\"LA N\u00c9CESSIT\u00c9 D&#8217;AVOIR UNE PROTECTION CONTRE LES SURTENSIONS\"}]},{\"@type\":\"WebSite\",\"@id\":\"https:\\\/\\\/electrika.ca\\\/fr\\\/#website\",\"url\":\"https:\\\/\\\/electrika.ca\\\/fr\\\/\",\"name\":\"Electrika\",\"description\":\"Home Services\",\"publisher\":{\"@id\":\"https:\\\/\\\/electrika.ca\\\/fr\\\/#organization\"},\"potentialAction\":[{\"@type\":\"SearchAction\",\"target\":{\"@type\":\"EntryPoint\",\"urlTemplate\":\"https:\\\/\\\/electrika.ca\\\/fr\\\/?s={search_term_string}\"},\"query-input\":{\"@type\":\"PropertyValueSpecification\",\"valueRequired\":true,\"valueName\":\"search_term_string\"}}],\"inLanguage\":\"fr-FR\"},{\"@type\":\"Organization\",\"@id\":\"https:\\\/\\\/electrika.ca\\\/fr\\\/#organization\",\"name\":\"Electrika\",\"url\":\"https:\\\/\\\/electrika.ca\\\/fr\\\/\",\"logo\":{\"@type\":\"ImageObject\",\"inLanguage\":\"fr-FR\",\"@id\":\"https:\\\/\\\/electrika.ca\\\/fr\\\/#\\\/schema\\\/logo\\\/image\\\/\",\"url\":\"https:\\\/\\\/electrika.ca\\\/wp-content\\\/uploads\\\/2018\\\/04\\\/Electrika-Logo.png\",\"contentUrl\":\"https:\\\/\\\/electrika.ca\\\/wp-content\\\/uploads\\\/2018\\\/04\\\/Electrika-Logo.png\",\"width\":600,\"height\":147,\"caption\":\"Electrika\"},\"image\":{\"@id\":\"https:\\\/\\\/electrika.ca\\\/fr\\\/#\\\/schema\\\/logo\\\/image\\\/\"},\"sameAs\":[\"https:\\\/\\\/www.facebook.com\\\/Electrika.YourHomeElectrician\",\"https:\\\/\\\/www.linkedin.com\\\/company\\\/electrika-inc-\\\/?originalSubdomain=ca\",\"https:\\\/\\\/www.youtube.com\\\/channel\\\/UCQssXvAQxaE6VVzCbdGdEOQ\"]},{\"@type\":\"Person\",\"@id\":\"https:\\\/\\\/electrika.ca\\\/fr\\\/#\\\/schema\\\/person\\\/c15c43b6e9a13f56f7be04b0b4a4671b\",\"name\":\"Ryan Hayes\",\"url\":\"https:\\\/\\\/electrika.ca\\\/fr\\\/author\\\/electrikamtl\\\/\"}]}<\/script>\n<!-- \/ Yoast SEO plugin. -->","yoast_head_json":{"title":"LA N\u00c9CESSIT\u00c9 D'AVOIR UNE PROTECTION CONTRE LES SURTENSIONS - Electrika","robots":{"index":"index","follow":"follow","max-snippet":"max-snippet:-1","max-image-preview":"max-image-preview:large","max-video-preview":"max-video-preview:-1"},"canonical":"https:\/\/electrika.ca\/fr\/0-commentaires-la-necessite-davoir-une-protection-contre-les-surtensions\/","og_locale":"fr_FR","og_type":"article","og_title":"LA N\u00c9CESSIT\u00c9 D'AVOIR UNE PROTECTION CONTRE LES SURTENSIONS - Electrika","og_description":"LA N\u00c9CESSIT\u00c9 D'AVOIR UNE PROTECTION CONTRE LES SURTENSIONS Si vous avez r\u00e9cemment eu une panne de courant dans votre r\u00e9gion et que vous avez t\u00e9l\u00e9phon\u00e9 \u00e0 Hydro-Qu\u00e9bec, vous devez avoir remarqu\u00e9 qu'ils vous ont donn\u00e9 des conseils pour prot\u00e9ger vos appareils \u00e9lectroniques contre la surtension (s'il n'y a pas chez vous de protection contre les [&hellip;]","og_url":"https:\/\/electrika.ca\/fr\/0-commentaires-la-necessite-davoir-une-protection-contre-les-surtensions\/","og_site_name":"Electrika","article_publisher":"https:\/\/www.facebook.com\/Electrika.YourHomeElectrician","article_published_time":"2018-12-13T15:48:53+00:00","article_modified_time":"2019-04-17T15:50:02+00:00","og_image":[{"width":512,"height":512,"url":"https:\/\/electrika.ca\/wp-content\/uploads\/2018\/04\/cropped-Electrika-Favicon.png","type":"image\/png"}],"author":"Ryan Hayes","twitter_card":"summary_large_image","twitter_misc":{"\u00c9crit par":"Ryan Hayes","Dur\u00e9e de lecture estim\u00e9e":"8 minutes"},"schema":{"@context":"https:\/\/schema.org","@graph":[{"@type":"Article","@id":"https:\/\/electrika.ca\/fr\/0-commentaires-la-necessite-davoir-une-protection-contre-les-surtensions\/#article","isPartOf":{"@id":"https:\/\/electrika.ca\/fr\/0-commentaires-la-necessite-davoir-une-protection-contre-les-surtensions\/"},"author":{"name":"Ryan Hayes","@id":"https:\/\/electrika.ca\/fr\/#\/schema\/person\/c15c43b6e9a13f56f7be04b0b4a4671b"},"headline":"LA N\u00c9CESSIT\u00c9 D&rsquo;AVOIR UNE PROTECTION CONTRE LES SURTENSIONS","datePublished":"2018-12-13T15:48:53+00:00","dateModified":"2019-04-17T15:50:02+00:00","mainEntityOfPage":{"@id":"https:\/\/electrika.ca\/fr\/0-commentaires-la-necessite-davoir-une-protection-contre-les-surtensions\/"},"wordCount":1607,"commentCount":0,"publisher":{"@id":"https:\/\/electrika.ca\/fr\/#organization"},"articleSection":["Non classifi\u00e9(e)"],"inLanguage":"fr-FR","potentialAction":[{"@type":"CommentAction","name":"Comment","target":["https:\/\/electrika.ca\/fr\/0-commentaires-la-necessite-davoir-une-protection-contre-les-surtensions\/#respond"]}]},{"@type":"WebPage","@id":"https:\/\/electrika.ca\/fr\/0-commentaires-la-necessite-davoir-une-protection-contre-les-surtensions\/","url":"https:\/\/electrika.ca\/fr\/0-commentaires-la-necessite-davoir-une-protection-contre-les-surtensions\/","name":"LA N\u00c9CESSIT\u00c9 D'AVOIR UNE PROTECTION CONTRE LES SURTENSIONS - Electrika","isPartOf":{"@id":"https:\/\/electrika.ca\/fr\/#website"},"datePublished":"2018-12-13T15:48:53+00:00","dateModified":"2019-04-17T15:50:02+00:00","breadcrumb":{"@id":"https:\/\/electrika.ca\/fr\/0-commentaires-la-necessite-davoir-une-protection-contre-les-surtensions\/#breadcrumb"},"inLanguage":"fr-FR","potentialAction":[{"@type":"ReadAction","target":["https:\/\/electrika.ca\/fr\/0-commentaires-la-necessite-davoir-une-protection-contre-les-surtensions\/"]}]},{"@type":"BreadcrumbList","@id":"https:\/\/electrika.ca\/fr\/0-commentaires-la-necessite-davoir-une-protection-contre-les-surtensions\/#breadcrumb","itemListElement":[{"@type":"ListItem","position":1,"name":"Home","item":"https:\/\/electrika.ca\/fr\/"},{"@type":"ListItem","position":2,"name":"LA N\u00c9CESSIT\u00c9 D&#8217;AVOIR UNE PROTECTION CONTRE LES SURTENSIONS"}]},{"@type":"WebSite","@id":"https:\/\/electrika.ca\/fr\/#website","url":"https:\/\/electrika.ca\/fr\/","name":"Electrika","description":"Home Services","publisher":{"@id":"https:\/\/electrika.ca\/fr\/#organization"},"potentialAction":[{"@type":"SearchAction","target":{"@type":"EntryPoint","urlTemplate":"https:\/\/electrika.ca\/fr\/?s={search_term_string}"},"query-input":{"@type":"PropertyValueSpecification","valueRequired":true,"valueName":"search_term_string"}}],"inLanguage":"fr-FR"},{"@type":"Organization","@id":"https:\/\/electrika.ca\/fr\/#organization","name":"Electrika","url":"https:\/\/electrika.ca\/fr\/","logo":{"@type":"ImageObject","inLanguage":"fr-FR","@id":"https:\/\/electrika.ca\/fr\/#\/schema\/logo\/image\/","url":"https:\/\/electrika.ca\/wp-content\/uploads\/2018\/04\/Electrika-Logo.png","contentUrl":"https:\/\/electrika.ca\/wp-content\/uploads\/2018\/04\/Electrika-Logo.png","width":600,"height":147,"caption":"Electrika"},"image":{"@id":"https:\/\/electrika.ca\/fr\/#\/schema\/logo\/image\/"},"sameAs":["https:\/\/www.facebook.com\/Electrika.YourHomeElectrician","https:\/\/www.linkedin.com\/company\/electrika-inc-\/?originalSubdomain=ca","https:\/\/www.youtube.com\/channel\/UCQssXvAQxaE6VVzCbdGdEOQ"]},{"@type":"Person","@id":"https:\/\/electrika.ca\/fr\/#\/schema\/person\/c15c43b6e9a13f56f7be04b0b4a4671b","name":"Ryan Hayes","url":"https:\/\/electrika.ca\/fr\/author\/electrikamtl\/"}]}},"_links":{"self":[{"href":"https:\/\/electrika.ca\/fr\/wp-json\/wp\/v2\/posts\/195","targetHints":{"allow":["GET"]}}],"collection":[{"href":"https:\/\/electrika.ca\/fr\/wp-json\/wp\/v2\/posts"}],"about":[{"href":"https:\/\/electrika.ca\/fr\/wp-json\/wp\/v2\/types\/post"}],"author":[{"embeddable":true,"href":"https:\/\/electrika.ca\/fr\/wp-json\/wp\/v2\/users\/2"}],"replies":[{"embeddable":true,"href":"https:\/\/electrika.ca\/fr\/wp-json\/wp\/v2\/comments?post=195"}],"version-history":[{"count":1,"href":"https:\/\/electrika.ca\/fr\/wp-json\/wp\/v2\/posts\/195\/revisions"}],"predecessor-version":[{"id":503,"href":"https:\/\/electrika.ca\/fr\/wp-json\/wp\/v2\/posts\/195\/revisions\/503"}],"wp:attachment":[{"href":"https:\/\/electrika.ca\/fr\/wp-json\/wp\/v2\/media?parent=195"}],"wp:term":[{"taxonomy":"category","embeddable":true,"href":"https:\/\/electrika.ca\/fr\/wp-json\/wp\/v2\/categories?post=195"},{"taxonomy":"post_tag","embeddable":true,"href":"https:\/\/electrika.ca\/fr\/wp-json\/wp\/v2\/tags?post=195"}],"curies":[{"name":"wp","href":"https:\/\/api.w.org\/{rel}","templated":true}]}}