{"id":187,"date":"2018-10-13T10:28:31","date_gmt":"2018-10-13T14:28:31","guid":{"rendered":"http:\/\/electrikamtl.wpengine.com\/electricite-3-precautions-a-prendre-avec-les-decorations-de-noel\/"},"modified":"2026-04-29T08:51:56","modified_gmt":"2026-04-29T12:51:56","slug":"electricite-3-precautions-a-prendre-avec-les-decorations-de-noel","status":"publish","type":"post","link":"https:\/\/electrika.ca\/fr\/electricite-3-precautions-a-prendre-avec-les-decorations-de-noel\/","title":{"rendered":"\u00c9LECTRICIT\u00c9 : 3 PR\u00c9CAUTIONS \u00c0 PRENDRE AVEC LES D\u00c9CORATIONS DE NO\u00cbL"},"content":{"rendered":"<p>[et_pb_section fb_built=\u00a0\u00bb1&Prime; fullwidth=\u00a0\u00bbon\u00a0\u00bb _builder_version=\u00a0\u00bb4.16&Prime; background_image=\u00a0\u00bbhttp:\/\/electrikamtl.wpengine.com\/wp-content\/uploads\/2018\/05\/Montreal-Electrician-Laval.jpg\u00a0\u00bb custom_padding=\u00a0\u00bb100px||100px|\u00a0\u00bb global_colors_info=\u00a0\u00bb{}\u00a0\u00bb][et_pb_fullwidth_header text_orientation=\u00a0\u00bbcenter\u00a0\u00bb _builder_version=\u00a0\u00bb4.16&Prime; background_color=\u00a0\u00bbrgba(255, 255, 255, 0)\u00a0\u00bb global_colors_info=\u00a0\u00bb{}\u00a0\u00bb button_one_text_size__hover_enabled=\u00a0\u00bboff\u00a0\u00bb button_two_text_size__hover_enabled=\u00a0\u00bboff\u00a0\u00bb button_one_text_color__hover_enabled=\u00a0\u00bboff\u00a0\u00bb button_two_text_color__hover_enabled=\u00a0\u00bboff\u00a0\u00bb button_one_border_width__hover_enabled=\u00a0\u00bboff\u00a0\u00bb button_two_border_width__hover_enabled=\u00a0\u00bboff\u00a0\u00bb button_one_border_color__hover_enabled=\u00a0\u00bboff\u00a0\u00bb button_two_border_color__hover_enabled=\u00a0\u00bboff\u00a0\u00bb button_one_border_radius__hover_enabled=\u00a0\u00bboff\u00a0\u00bb button_two_border_radius__hover_enabled=\u00a0\u00bboff\u00a0\u00bb button_one_letter_spacing__hover_enabled=\u00a0\u00bboff\u00a0\u00bb button_two_letter_spacing__hover_enabled=\u00a0\u00bboff\u00a0\u00bb button_one_bg_color__hover_enabled=\u00a0\u00bboff\u00a0\u00bb button_two_bg_color__hover_enabled=\u00a0\u00bboff\u00a0\u00bb][\/et_pb_fullwidth_header][\/et_pb_section][et_pb_section fb_built=\u00a0\u00bb1&Prime; _builder_version=\u00a0\u00bb4.16&Prime; global_colors_info=\u00a0\u00bb{}\u00a0\u00bb][et_pb_row _builder_version=\u00a0\u00bb4.16&Prime; background_size=\u00a0\u00bbinitial\u00a0\u00bb background_position=\u00a0\u00bbtop_left\u00a0\u00bb background_repeat=\u00a0\u00bbrepeat\u00a0\u00bb global_colors_info=\u00a0\u00bb{}\u00a0\u00bb][et_pb_column type=\u00a0\u00bb4_4&Prime; _builder_version=\u00a0\u00bb4.16&Prime; custom_padding=\u00a0\u00bb|||\u00a0\u00bb global_colors_info=\u00a0\u00bb{}\u00a0\u00bb custom_padding__hover=\u00a0\u00bb|||\u00a0\u00bb][et_pb_text _builder_version=\u00a0\u00bb4.16&Prime; global_colors_info=\u00a0\u00bb{}\u00a0\u00bb]<\/p>\n<h1 class=\"headline title\">\u00c9LECTRICIT\u00c9 : 3 PR\u00c9CAUTIONS \u00c0 PRENDRE AVEC LES D\u00c9CORATIONS DE NO\u00cbL<\/h1>\n<div class=\"bodytext contentText\">\n<p>Chaque ann\u00e9e, \u00e0 l\u2019approche de No\u00ebl, on entend parler d\u2019histoires d\u2019horreur \u00e0 propos de personnes s\u2019\u00e9tant gri\u00e8vement bless\u00e9es en posant des d\u00e9corations ou ayant \u00e9t\u00e9 victimes d\u2019un incendie caus\u00e9 par des installations \u00e9lectriques non conformes. Chez Electrika, votre \u00e9lectricien r\u00e9sidentiel \u00e0 Montr\u00e9al et \u00e0 Laval, nous sommes soucieux d\u2019apprendre \u00e0 nos clients quels sont les comportements s\u00e9curitaires \u00e0 adopter pour \u00e9viter de g\u00e2cher le temps des F\u00eates.<\/p>\n<\/div>\n<div class=\"bodytext contentText\">\n<h3>1. INSPECTEZ VOS FILS ET VOS D\u00c9CORATIONS DE NO\u00cbL AVANT D\u2019EFFECTUER DES BRANCHEMENTS<\/h3>\n<p>Vous \u00eates sur le point de brancher des d\u00e9corations en tous genres avec un enthousiasme d\u00e9bordant? STOP! Prenez d\u2019abord le temps de faire quelques v\u00e9rifications. Vos c\u00e2bles d\u2019extension, par exemple, sont-ils con\u00e7us pour l\u2019int\u00e9rieur ou pour l\u2019ext\u00e9rieur? Sont-ils en parfait \u00e9tat? Et vos d\u00e9corations? Sont-elles endommag\u00e9es? Des ampoules sont-elles craqu\u00e9es? Des fils sont-ils partiellement d\u00e9nud\u00e9s? Dans le doute, abstenez-vous de les poser : offrez-vous plut\u00f4t la tranquillit\u00e9 d\u2019esprit en optant pour des produits neufs\u2026 et de bonne qualit\u00e9!<\/p>\n<p>2. INSTALLEZ VOS D\u00c9CORATIONS DE NO\u00cbL LOIN DES APPAREILS QUI \u00c9METTENT DE LA CHALEUR<\/p>\n<p>Vous \u00e9viterez bien des probl\u00e8mes en \u00e9loignant vos d\u00e9corations de No\u00ebl de toutes les sources de chaleur de votre maison, comme les foyers, les chaufferettes ou les plinthes \u00e9lectriques. Alors, devez-vous cesser de suspendre vos bas de No\u00ebl au manteau de la chemin\u00e9e? La r\u00e9ponse est sans \u00e9quivoque : oui! En effet, selon les experts de l\u2019\u00e9lectricit\u00e9, la distance s\u00e9curitaire \u00e0 respecter est d\u2019au moins un m\u00e8tre.<\/p>\n<h3>3. \u00c9TEIGNEZ CHAQUE SOIR VOS D\u00c9CORATIONS DE NO\u00cbL LORSQUE VOUS VOUS METTEZ AU LIT<\/h3>\n<p>\u00c9puis\u00e9s de leur journ\u00e9e, bien des propri\u00e9taires vont se coucher en oubliant (ou en omettant volontairement) d\u2019\u00e9teindre leurs d\u00e9corations de No\u00ebl. \u00c7a vous ressemble? Eh bien, c\u2019est une mauvaise id\u00e9e! Car non seulement il est inutilement co\u00fbteux d\u2019illuminer sa maison pour le seul b\u00e9n\u00e9fice des \u00e9toiles \u2014 et de quelques travailleurs de soir! \u2014, mais cette imprudence multiplie aussi les risques qu\u2019un incendie se produise et prenne de l\u2019ampleur pendant que vous dormez. Cette ann\u00e9e, soyez plus prudent en trouvant un moyen de ne pas oublier d\u2019\u00e9teindre vos d\u00e9corations (gr\u00e2ce \u00e0 un rappel sur votre t\u00e9l\u00e9phone intelligent, par exemple).<\/p>\n<p>VOUS CHERCHEZ UN \u00c9LECTRICIEN R\u00c9SIDENTIEL DIGNE DE CONFIANCE \u00c0 MONTR\u00c9AL OU \u00c0 LAVAL?<\/p>\n<p>Chez Electrika, nos \u00e9lectriciens comp\u00e9tents sont \u00e0 votre service, tout pr\u00e8s de chez vous! Une urgence \u00e9lectrique? Le jour ou la nuit, 7 jours sur 7 (m\u00eame les jours f\u00e9ri\u00e9s!), vous pouvez nous appeler, et nous viendrons rapidement \u00e0 votre secours. Sur ce, passez de tr\u00e8s joyeuses F\u00eates!<\/p>\n<\/div>\n<p>[\/et_pb_text][et_pb_button button_url=\u00a0\u00bbhttps:\/\/electrika.ca\/fr\/contactez-nous\/\u00a0\u00bb button_text=\u00a0\u00bbCONTACTEZ-NOUS\u00a0\u00bb _builder_version=\u00a0\u00bb4.16&Prime; background_layout=\u00a0\u00bbdark\u00a0\u00bb global_colors_info=\u00a0\u00bb{}\u00a0\u00bb button_text_size__hover_enabled=\u00a0\u00bboff\u00a0\u00bb button_one_text_size__hover_enabled=\u00a0\u00bboff\u00a0\u00bb button_two_text_size__hover_enabled=\u00a0\u00bboff\u00a0\u00bb button_text_color__hover_enabled=\u00a0\u00bboff\u00a0\u00bb button_one_text_color__hover_enabled=\u00a0\u00bboff\u00a0\u00bb button_two_text_color__hover_enabled=\u00a0\u00bboff\u00a0\u00bb button_border_width__hover_enabled=\u00a0\u00bboff\u00a0\u00bb button_one_border_width__hover_enabled=\u00a0\u00bboff\u00a0\u00bb button_two_border_width__hover_enabled=\u00a0\u00bboff\u00a0\u00bb button_border_color__hover_enabled=\u00a0\u00bboff\u00a0\u00bb button_one_border_color__hover_enabled=\u00a0\u00bboff\u00a0\u00bb button_two_border_color__hover_enabled=\u00a0\u00bboff\u00a0\u00bb button_border_radius__hover_enabled=\u00a0\u00bboff\u00a0\u00bb button_one_border_radius__hover_enabled=\u00a0\u00bboff\u00a0\u00bb button_two_border_radius__hover_enabled=\u00a0\u00bboff\u00a0\u00bb button_letter_spacing__hover_enabled=\u00a0\u00bboff\u00a0\u00bb button_one_letter_spacing__hover_enabled=\u00a0\u00bboff\u00a0\u00bb button_two_letter_spacing__hover_enabled=\u00a0\u00bboff\u00a0\u00bb button_bg_color__hover_enabled=\u00a0\u00bboff\u00a0\u00bb button_one_bg_color__hover_enabled=\u00a0\u00bboff\u00a0\u00bb button_two_bg_color__hover_enabled=\u00a0\u00bboff\u00a0\u00bb][\/et_pb_button][\/et_pb_column][\/et_pb_row][\/et_pb_section]<\/p>\n","protected":false},"excerpt":{"rendered":"<p>\u00c9LECTRICIT\u00c9 : 3 PR\u00c9CAUTIONS \u00c0 PRENDRE AVEC LES D\u00c9CORATIONS DE NO\u00cbL Chaque ann\u00e9e, \u00e0 l\u2019approche de No\u00ebl, on entend parler d\u2019histoires d\u2019horreur \u00e0 propos de personnes s\u2019\u00e9tant gri\u00e8vement bless\u00e9es en posant des d\u00e9corations ou ayant \u00e9t\u00e9 victimes d\u2019un incendie caus\u00e9 par des installations \u00e9lectriques non conformes. Chez Electrika, votre \u00e9lectricien r\u00e9sidentiel \u00e0 Montr\u00e9al et \u00e0 [&hellip;]<\/p>\n","protected":false},"author":2,"featured_media":0,"comment_status":"closed","ping_status":"open","sticky":false,"template":"","format":"standard","meta":{"_et_pb_use_builder":"on","_et_pb_old_content":"","_et_gb_content_width":"","footnotes":""},"categories":[9],"tags":[],"class_list":["post-187","post","type-post","status-publish","format-standard","hentry","category-non-classifiee"],"yoast_head":"<!-- This site is optimized with the Yoast SEO plugin v27.5 - https:\/\/yoast.com\/product\/yoast-seo-wordpress\/ -->\n<title>\u00c9LECTRICIT\u00c9 : 3 PR\u00c9CAUTIONS \u00c0 PRENDRE AVEC LES D\u00c9CORATIONS DE NO\u00cbL - Electrika<\/title>\n<meta name=\"robots\" content=\"index, follow, max-snippet:-1, max-image-preview:large, max-video-preview:-1\" \/>\n<link rel=\"canonical\" href=\"https:\/\/electrika.ca\/fr\/electricite-3-precautions-a-prendre-avec-les-decorations-de-noel\/\" \/>\n<meta property=\"og:locale\" content=\"fr_FR\" \/>\n<meta property=\"og:type\" content=\"article\" \/>\n<meta property=\"og:title\" content=\"\u00c9LECTRICIT\u00c9 : 3 PR\u00c9CAUTIONS \u00c0 PRENDRE AVEC LES D\u00c9CORATIONS DE NO\u00cbL - Electrika\" \/>\n<meta property=\"og:description\" content=\"\u00c9LECTRICIT\u00c9 : 3 PR\u00c9CAUTIONS \u00c0 PRENDRE AVEC LES D\u00c9CORATIONS DE NO\u00cbL Chaque ann\u00e9e, \u00e0 l\u2019approche de No\u00ebl, on entend parler d\u2019histoires d\u2019horreur \u00e0 propos de personnes s\u2019\u00e9tant gri\u00e8vement bless\u00e9es en posant des d\u00e9corations ou ayant \u00e9t\u00e9 victimes d\u2019un incendie caus\u00e9 par des installations \u00e9lectriques non conformes. Chez Electrika, votre \u00e9lectricien r\u00e9sidentiel \u00e0 Montr\u00e9al et \u00e0 [&hellip;]\" \/>\n<meta property=\"og:url\" content=\"https:\/\/electrika.ca\/fr\/electricite-3-precautions-a-prendre-avec-les-decorations-de-noel\/\" \/>\n<meta property=\"og:site_name\" content=\"Electrika\" \/>\n<meta property=\"article:publisher\" content=\"https:\/\/www.facebook.com\/Electrika.YourHomeElectrician\" \/>\n<meta property=\"article:published_time\" content=\"2018-10-13T14:28:31+00:00\" \/>\n<meta property=\"article:modified_time\" content=\"2026-04-29T12:51:56+00:00\" \/>\n<meta property=\"og:image\" content=\"https:\/\/electrika.ca\/wp-content\/uploads\/2018\/04\/cropped-Electrika-Favicon.png\" \/>\n\t<meta property=\"og:image:width\" content=\"512\" \/>\n\t<meta property=\"og:image:height\" content=\"512\" \/>\n\t<meta property=\"og:image:type\" content=\"image\/png\" \/>\n<meta name=\"author\" content=\"Ryan Hayes\" \/>\n<meta name=\"twitter:card\" content=\"summary_large_image\" \/>\n<meta name=\"twitter:label1\" content=\"\u00c9crit par\" \/>\n\t<meta name=\"twitter:data1\" content=\"Ryan Hayes\" \/>\n\t<meta name=\"twitter:label2\" content=\"Dur\u00e9e de lecture estim\u00e9e\" \/>\n\t<meta name=\"twitter:data2\" content=\"3 minutes\" \/>\n<script type=\"application\/ld+json\" class=\"yoast-schema-graph\">{\"@context\":\"https:\\\/\\\/schema.org\",\"@graph\":[{\"@type\":\"Article\",\"@id\":\"https:\\\/\\\/electrika.ca\\\/fr\\\/electricite-3-precautions-a-prendre-avec-les-decorations-de-noel\\\/#article\",\"isPartOf\":{\"@id\":\"https:\\\/\\\/electrika.ca\\\/fr\\\/electricite-3-precautions-a-prendre-avec-les-decorations-de-noel\\\/\"},\"author\":{\"name\":\"Ryan Hayes\",\"@id\":\"https:\\\/\\\/electrika.ca\\\/fr\\\/#\\\/schema\\\/person\\\/c15c43b6e9a13f56f7be04b0b4a4671b\"},\"headline\":\"\u00c9LECTRICIT\u00c9 : 3 PR\u00c9CAUTIONS \u00c0 PRENDRE AVEC LES D\u00c9CORATIONS DE NO\u00cbL\",\"datePublished\":\"2018-10-13T14:28:31+00:00\",\"dateModified\":\"2026-04-29T12:51:56+00:00\",\"mainEntityOfPage\":{\"@id\":\"https:\\\/\\\/electrika.ca\\\/fr\\\/electricite-3-precautions-a-prendre-avec-les-decorations-de-noel\\\/\"},\"wordCount\":866,\"publisher\":{\"@id\":\"https:\\\/\\\/electrika.ca\\\/fr\\\/#organization\"},\"articleSection\":[\"Non classifi\u00e9(e)\"],\"inLanguage\":\"fr-FR\"},{\"@type\":\"WebPage\",\"@id\":\"https:\\\/\\\/electrika.ca\\\/fr\\\/electricite-3-precautions-a-prendre-avec-les-decorations-de-noel\\\/\",\"url\":\"https:\\\/\\\/electrika.ca\\\/fr\\\/electricite-3-precautions-a-prendre-avec-les-decorations-de-noel\\\/\",\"name\":\"\u00c9LECTRICIT\u00c9 : 3 PR\u00c9CAUTIONS \u00c0 PRENDRE AVEC LES D\u00c9CORATIONS DE NO\u00cbL - Electrika\",\"isPartOf\":{\"@id\":\"https:\\\/\\\/electrika.ca\\\/fr\\\/#website\"},\"datePublished\":\"2018-10-13T14:28:31+00:00\",\"dateModified\":\"2026-04-29T12:51:56+00:00\",\"breadcrumb\":{\"@id\":\"https:\\\/\\\/electrika.ca\\\/fr\\\/electricite-3-precautions-a-prendre-avec-les-decorations-de-noel\\\/#breadcrumb\"},\"inLanguage\":\"fr-FR\",\"potentialAction\":[{\"@type\":\"ReadAction\",\"target\":[\"https:\\\/\\\/electrika.ca\\\/fr\\\/electricite-3-precautions-a-prendre-avec-les-decorations-de-noel\\\/\"]}]},{\"@type\":\"BreadcrumbList\",\"@id\":\"https:\\\/\\\/electrika.ca\\\/fr\\\/electricite-3-precautions-a-prendre-avec-les-decorations-de-noel\\\/#breadcrumb\",\"itemListElement\":[{\"@type\":\"ListItem\",\"position\":1,\"name\":\"Home\",\"item\":\"https:\\\/\\\/electrika.ca\\\/fr\\\/\"},{\"@type\":\"ListItem\",\"position\":2,\"name\":\"\u00c9LECTRICIT\u00c9 : 3 PR\u00c9CAUTIONS \u00c0 PRENDRE AVEC LES D\u00c9CORATIONS DE NO\u00cbL\"}]},{\"@type\":\"WebSite\",\"@id\":\"https:\\\/\\\/electrika.ca\\\/fr\\\/#website\",\"url\":\"https:\\\/\\\/electrika.ca\\\/fr\\\/\",\"name\":\"Electrika\",\"description\":\"Home Services\",\"publisher\":{\"@id\":\"https:\\\/\\\/electrika.ca\\\/fr\\\/#organization\"},\"potentialAction\":[{\"@type\":\"SearchAction\",\"target\":{\"@type\":\"EntryPoint\",\"urlTemplate\":\"https:\\\/\\\/electrika.ca\\\/fr\\\/?s={search_term_string}\"},\"query-input\":{\"@type\":\"PropertyValueSpecification\",\"valueRequired\":true,\"valueName\":\"search_term_string\"}}],\"inLanguage\":\"fr-FR\"},{\"@type\":\"Organization\",\"@id\":\"https:\\\/\\\/electrika.ca\\\/fr\\\/#organization\",\"name\":\"Electrika\",\"url\":\"https:\\\/\\\/electrika.ca\\\/fr\\\/\",\"logo\":{\"@type\":\"ImageObject\",\"inLanguage\":\"fr-FR\",\"@id\":\"https:\\\/\\\/electrika.ca\\\/fr\\\/#\\\/schema\\\/logo\\\/image\\\/\",\"url\":\"https:\\\/\\\/electrika.ca\\\/wp-content\\\/uploads\\\/2018\\\/04\\\/Electrika-Logo.png\",\"contentUrl\":\"https:\\\/\\\/electrika.ca\\\/wp-content\\\/uploads\\\/2018\\\/04\\\/Electrika-Logo.png\",\"width\":600,\"height\":147,\"caption\":\"Electrika\"},\"image\":{\"@id\":\"https:\\\/\\\/electrika.ca\\\/fr\\\/#\\\/schema\\\/logo\\\/image\\\/\"},\"sameAs\":[\"https:\\\/\\\/www.facebook.com\\\/Electrika.YourHomeElectrician\",\"https:\\\/\\\/www.linkedin.com\\\/company\\\/electrika-inc-\\\/?originalSubdomain=ca\",\"https:\\\/\\\/www.youtube.com\\\/channel\\\/UCQssXvAQxaE6VVzCbdGdEOQ\"]},{\"@type\":\"Person\",\"@id\":\"https:\\\/\\\/electrika.ca\\\/fr\\\/#\\\/schema\\\/person\\\/c15c43b6e9a13f56f7be04b0b4a4671b\",\"name\":\"Ryan Hayes\",\"url\":\"https:\\\/\\\/electrika.ca\\\/fr\\\/author\\\/electrikamtl\\\/\"}]}<\/script>\n<!-- \/ Yoast SEO plugin. -->","yoast_head_json":{"title":"\u00c9LECTRICIT\u00c9 : 3 PR\u00c9CAUTIONS \u00c0 PRENDRE AVEC LES D\u00c9CORATIONS DE NO\u00cbL - Electrika","robots":{"index":"index","follow":"follow","max-snippet":"max-snippet:-1","max-image-preview":"max-image-preview:large","max-video-preview":"max-video-preview:-1"},"canonical":"https:\/\/electrika.ca\/fr\/electricite-3-precautions-a-prendre-avec-les-decorations-de-noel\/","og_locale":"fr_FR","og_type":"article","og_title":"\u00c9LECTRICIT\u00c9 : 3 PR\u00c9CAUTIONS \u00c0 PRENDRE AVEC LES D\u00c9CORATIONS DE NO\u00cbL - Electrika","og_description":"\u00c9LECTRICIT\u00c9 : 3 PR\u00c9CAUTIONS \u00c0 PRENDRE AVEC LES D\u00c9CORATIONS DE NO\u00cbL Chaque ann\u00e9e, \u00e0 l\u2019approche de No\u00ebl, on entend parler d\u2019histoires d\u2019horreur \u00e0 propos de personnes s\u2019\u00e9tant gri\u00e8vement bless\u00e9es en posant des d\u00e9corations ou ayant \u00e9t\u00e9 victimes d\u2019un incendie caus\u00e9 par des installations \u00e9lectriques non conformes. Chez Electrika, votre \u00e9lectricien r\u00e9sidentiel \u00e0 Montr\u00e9al et \u00e0 [&hellip;]","og_url":"https:\/\/electrika.ca\/fr\/electricite-3-precautions-a-prendre-avec-les-decorations-de-noel\/","og_site_name":"Electrika","article_publisher":"https:\/\/www.facebook.com\/Electrika.YourHomeElectrician","article_published_time":"2018-10-13T14:28:31+00:00","article_modified_time":"2026-04-29T12:51:56+00:00","og_image":[{"width":512,"height":512,"url":"https:\/\/electrika.ca\/wp-content\/uploads\/2018\/04\/cropped-Electrika-Favicon.png","type":"image\/png"}],"author":"Ryan Hayes","twitter_card":"summary_large_image","twitter_misc":{"\u00c9crit par":"Ryan Hayes","Dur\u00e9e de lecture estim\u00e9e":"3 minutes"},"schema":{"@context":"https:\/\/schema.org","@graph":[{"@type":"Article","@id":"https:\/\/electrika.ca\/fr\/electricite-3-precautions-a-prendre-avec-les-decorations-de-noel\/#article","isPartOf":{"@id":"https:\/\/electrika.ca\/fr\/electricite-3-precautions-a-prendre-avec-les-decorations-de-noel\/"},"author":{"name":"Ryan Hayes","@id":"https:\/\/electrika.ca\/fr\/#\/schema\/person\/c15c43b6e9a13f56f7be04b0b4a4671b"},"headline":"\u00c9LECTRICIT\u00c9 : 3 PR\u00c9CAUTIONS \u00c0 PRENDRE AVEC LES D\u00c9CORATIONS DE NO\u00cbL","datePublished":"2018-10-13T14:28:31+00:00","dateModified":"2026-04-29T12:51:56+00:00","mainEntityOfPage":{"@id":"https:\/\/electrika.ca\/fr\/electricite-3-precautions-a-prendre-avec-les-decorations-de-noel\/"},"wordCount":866,"publisher":{"@id":"https:\/\/electrika.ca\/fr\/#organization"},"articleSection":["Non classifi\u00e9(e)"],"inLanguage":"fr-FR"},{"@type":"WebPage","@id":"https:\/\/electrika.ca\/fr\/electricite-3-precautions-a-prendre-avec-les-decorations-de-noel\/","url":"https:\/\/electrika.ca\/fr\/electricite-3-precautions-a-prendre-avec-les-decorations-de-noel\/","name":"\u00c9LECTRICIT\u00c9 : 3 PR\u00c9CAUTIONS \u00c0 PRENDRE AVEC LES D\u00c9CORATIONS DE NO\u00cbL - Electrika","isPartOf":{"@id":"https:\/\/electrika.ca\/fr\/#website"},"datePublished":"2018-10-13T14:28:31+00:00","dateModified":"2026-04-29T12:51:56+00:00","breadcrumb":{"@id":"https:\/\/electrika.ca\/fr\/electricite-3-precautions-a-prendre-avec-les-decorations-de-noel\/#breadcrumb"},"inLanguage":"fr-FR","potentialAction":[{"@type":"ReadAction","target":["https:\/\/electrika.ca\/fr\/electricite-3-precautions-a-prendre-avec-les-decorations-de-noel\/"]}]},{"@type":"BreadcrumbList","@id":"https:\/\/electrika.ca\/fr\/electricite-3-precautions-a-prendre-avec-les-decorations-de-noel\/#breadcrumb","itemListElement":[{"@type":"ListItem","position":1,"name":"Home","item":"https:\/\/electrika.ca\/fr\/"},{"@type":"ListItem","position":2,"name":"\u00c9LECTRICIT\u00c9 : 3 PR\u00c9CAUTIONS \u00c0 PRENDRE AVEC LES D\u00c9CORATIONS DE NO\u00cbL"}]},{"@type":"WebSite","@id":"https:\/\/electrika.ca\/fr\/#website","url":"https:\/\/electrika.ca\/fr\/","name":"Electrika","description":"Home Services","publisher":{"@id":"https:\/\/electrika.ca\/fr\/#organization"},"potentialAction":[{"@type":"SearchAction","target":{"@type":"EntryPoint","urlTemplate":"https:\/\/electrika.ca\/fr\/?s={search_term_string}"},"query-input":{"@type":"PropertyValueSpecification","valueRequired":true,"valueName":"search_term_string"}}],"inLanguage":"fr-FR"},{"@type":"Organization","@id":"https:\/\/electrika.ca\/fr\/#organization","name":"Electrika","url":"https:\/\/electrika.ca\/fr\/","logo":{"@type":"ImageObject","inLanguage":"fr-FR","@id":"https:\/\/electrika.ca\/fr\/#\/schema\/logo\/image\/","url":"https:\/\/electrika.ca\/wp-content\/uploads\/2018\/04\/Electrika-Logo.png","contentUrl":"https:\/\/electrika.ca\/wp-content\/uploads\/2018\/04\/Electrika-Logo.png","width":600,"height":147,"caption":"Electrika"},"image":{"@id":"https:\/\/electrika.ca\/fr\/#\/schema\/logo\/image\/"},"sameAs":["https:\/\/www.facebook.com\/Electrika.YourHomeElectrician","https:\/\/www.linkedin.com\/company\/electrika-inc-\/?originalSubdomain=ca","https:\/\/www.youtube.com\/channel\/UCQssXvAQxaE6VVzCbdGdEOQ"]},{"@type":"Person","@id":"https:\/\/electrika.ca\/fr\/#\/schema\/person\/c15c43b6e9a13f56f7be04b0b4a4671b","name":"Ryan Hayes","url":"https:\/\/electrika.ca\/fr\/author\/electrikamtl\/"}]}},"_links":{"self":[{"href":"https:\/\/electrika.ca\/fr\/wp-json\/wp\/v2\/posts\/187","targetHints":{"allow":["GET"]}}],"collection":[{"href":"https:\/\/electrika.ca\/fr\/wp-json\/wp\/v2\/posts"}],"about":[{"href":"https:\/\/electrika.ca\/fr\/wp-json\/wp\/v2\/types\/post"}],"author":[{"embeddable":true,"href":"https:\/\/electrika.ca\/fr\/wp-json\/wp\/v2\/users\/2"}],"replies":[{"embeddable":true,"href":"https:\/\/electrika.ca\/fr\/wp-json\/wp\/v2\/comments?post=187"}],"version-history":[{"count":2,"href":"https:\/\/electrika.ca\/fr\/wp-json\/wp\/v2\/posts\/187\/revisions"}],"predecessor-version":[{"id":3887,"href":"https:\/\/electrika.ca\/fr\/wp-json\/wp\/v2\/posts\/187\/revisions\/3887"}],"wp:attachment":[{"href":"https:\/\/electrika.ca\/fr\/wp-json\/wp\/v2\/media?parent=187"}],"wp:term":[{"taxonomy":"category","embeddable":true,"href":"https:\/\/electrika.ca\/fr\/wp-json\/wp\/v2\/categories?post=187"},{"taxonomy":"post_tag","embeddable":true,"href":"https:\/\/electrika.ca\/fr\/wp-json\/wp\/v2\/tags?post=187"}],"curies":[{"name":"wp","href":"https:\/\/api.w.org\/{rel}","templated":true}]}}